{"id":12699,"date":"2024-11-16T10:28:12","date_gmt":"2024-11-16T10:28:12","guid":{"rendered":"https:\/\/www.twinscience.com\/?p=12699"},"modified":"2024-11-16T10:28:12","modified_gmt":"2024-11-16T10:28:12","slug":"__trashed-5","status":"publish","type":"post","link":"https:\/\/www.twinscience.com\/tr\/blog\/__trashed-5\/","title":{"rendered":"Ba\u015f\u0131m\u0131za \u201c\u0130cat \u00c7\u0131kartan\u201d Kad\u0131n: Dr. Canan Da\u011fdeviren"},"content":{"rendered":"\n<p> 1985 y\u0131l\u0131nda \u0130stanbul\u2019da do\u011fan Canan Da\u011fdeviren, ABD\u2019de yer alan Harvard \u00dcniversitesi\u2019nin Gen\u00e7 Akademi \u00fcyeli\u011fine (Junior Fellow of Harvard) se\u00e7ilen ilk T\u00fcrk. \u0130catlar\u0131yla ABD\u2019nin prestijli dergilerinden Forbes\u2019un&nbsp;<strong>\u201930 Ya\u015f Alt\u0131 Bilim \u0130nsan\u0131\u2019&nbsp;<\/strong>listesine girmeyi ba\u015faran Da\u011fdeviren, bunun yan\u0131 s\u0131ra, MIT (Massachusetts Institute of Technology) yay\u0131n\u0131 Technology Review\u2019\u0131n her y\u0131l a\u00e7\u0131klad\u0131\u011f\u0131&nbsp;<strong>\u201935 ya\u015f alt\u0131 Mucitler Listesi\u2019<\/strong>ne de ad\u0131n\u0131 yazd\u0131rm\u0131\u015f bir isim. <\/p>\n\n\n\n<div class=\"wp-block-image\"><figure class=\"aligncenter size-large is-resized\"><img decoding=\"async\" src=\"\/wp-content\/uploads\/2020\/02\/canan-Dagdeviren.jpg\" alt=\"\" class=\"wp-image-12629\" width=\"460\" srcset=\"\/wp-content\/uploads\/2020\/02\/canan-Dagdeviren.jpg 439w, \/wp-content\/uploads\/2020\/02\/canan-Dagdeviren-257x300.jpg 257w\" sizes=\"(max-width: 439px) 100vw, 439px\" \/><\/figure><\/div>\n\n\n\n<p>B\u00f6ylesine \u00f6nemli ba\u015far\u0131lara imza atm\u0131\u015f Da\u011fdeviren\u2019in hikayesi Kocaeli\u2019de ba\u015fl\u0131yor. \u0130lk ve orta e\u011fitimini Kocaeli\u2019de tamamlayan Da\u011fdeviren, okudu\u011fu iki kitap sayesinde \u00fcniversitede fizik okumaya karar verdi\u011fini s\u00f6yl\u00fcyor. Bunlardan ilki, babas\u0131n\u0131n kendisine kimyager ve fizik\u00e7i Marie Curie hakk\u0131nda hediye etti\u011fi bir kitap, di\u011feri ise T\u00fcrkiye\u2019nin \u00f6nemli teorik fizik\u00e7ilerinden Prof. Erdal \u0130n\u00f6n\u00fc\u2019n\u00fcn kitap fuar\u0131nda kendisine bizzat verdi\u011fi&nbsp;<strong>\u2018An\u0131lar ve D\u00fc\u015f\u00fcnceler\u2019&nbsp;<\/strong>adl\u0131 eser. Annesi hari\u00e7 etraf\u0131ndaki kimse bir kad\u0131n\u0131n fizik\u00e7i olabilece\u011fine inanmasa da o se\u00e7ti\u011fi yoldan y\u00fcr\u00fcmeye devam etmi\u015f.<\/p>\n\n\n\n<p>2007\u2019de Hacettepe \u00dcniversitesi Fizik M\u00fchendisli\u011fi b\u00f6l\u00fcm\u00fcnden mezun olan Da\u011fdeviren, 2009\u2019da Sabanc\u0131 \u00dcniversitesi Malzeme Bilimi ve M\u00fchendisli\u011fi program\u0131ndaki y\u00fcksek lisans e\u011fitimini tamamlad\u0131. H\u00fcrriyet gazetesine verdi\u011fi s\u00f6yle\u015fide, T\u00fcrkiye\u2019de ald\u0131\u011f\u0131 e\u011fitim sayesinde teorik altyap\u0131s\u0131n\u0131n en iyi \u015fekilde geli\u015fti\u011fini anlatan Da\u011fdeviren, Hacettepe ve Sabanc\u0131 \u00fcniversitelerinde ald\u0131\u011f\u0131 e\u011fitimle \u00f6zellikle&nbsp;<strong>\u2018kat\u0131 hal fizi\u011fi\u2019<\/strong>&nbsp;konusunda kendisini \u00e7ok iyi donatt\u0131\u011f\u0131n\u0131 s\u00f6yl\u00fcyor.<\/p>\n\n\n\n<div class=\"wp-block-image\"><figure class=\"aligncenter size-large is-resized\"><img decoding=\"async\" src=\"\/wp-content\/uploads\/2020\/02\/canan-dagdeviren-5.jpg\" alt=\"\" class=\"wp-image-12630\" width=\"460\" srcset=\"\/wp-content\/uploads\/2020\/02\/canan-dagdeviren-5.jpg 636w, \/wp-content\/uploads\/2020\/02\/canan-dagdeviren-5-300x200.jpg 300w, \/wp-content\/uploads\/2020\/02\/canan-dagdeviren-5-480x320.jpg 480w, \/wp-content\/uploads\/2020\/02\/canan-dagdeviren-5-600x400.jpg 600w\" sizes=\"(max-width: 636px) 100vw, 636px\" \/><\/figure><\/div>\n\n\n\n<p><strong>\u2018Medikal teknoloji\u2019&nbsp;<\/strong>alan\u0131nda \u00e7al\u0131\u015fan Da\u011fdeviren, on saniyeden az bir s\u00fcrede, bulundu\u011fu yerin hastal\u0131k haritas\u0131n\u0131 \u00e7\u0131karan, cilt kanseri gibi hastal\u0131k te\u015fhisini kolayla\u015ft\u0131racak bir cihaz icat etti. D\u00f6vme gibi insan tenine yap\u0131\u015ft\u0131r\u0131labilen bu cihaz, sens\u00f6rler sayesinde deri \u00fczerindeki deformasyonu tespit edip elektriksel ba\u011flant\u0131larla verileri bilgisayarda topluyor. Da\u011fdeviren\u2019in en \u00f6nemli icatlar\u0131ndan biri olan bu cihaz\u0131n fikri annesinden \u00e7\u0131km\u0131\u015f: \u201c\u2019Y\u00fcz kremlerinin ger\u00e7ekten i\u015fe yaray\u0131p yaramad\u0131\u011f\u0131n\u0131 ortaya \u00e7\u0131karabilecek bir alet yapabilir misin?\u2019 diye sordu. Ben de bu aleti tasarlad\u0131m.\u201d<\/p>\n\n\n\n<div class=\"wp-block-image\"><figure class=\"aligncenter size-large is-resized\"><img decoding=\"async\" src=\"\/wp-content\/uploads\/2020\/02\/canan-dagdeviren-6.jpg\" alt=\"\" class=\"wp-image-12631\" width=\"460\" srcset=\"\/wp-content\/uploads\/2020\/02\/canan-dagdeviren-6.jpg 1080w, \/wp-content\/uploads\/2020\/02\/canan-dagdeviren-6-300x169.jpg 300w, \/wp-content\/uploads\/2020\/02\/canan-dagdeviren-6-1024x576.jpg 1024w, \/wp-content\/uploads\/2020\/02\/canan-dagdeviren-6-768x432.jpg 768w, \/wp-content\/uploads\/2020\/02\/canan-dagdeviren-6-980x552.jpg 980w, \/wp-content\/uploads\/2020\/02\/canan-dagdeviren-6-480x270.jpg 480w, \/wp-content\/uploads\/2020\/02\/canan-dagdeviren-6-600x338.jpg 600w\" sizes=\"(max-width: 1080px) 100vw, 1080px\" \/><\/figure><\/div>\n\n\n\n<p>Da\u011fdeviren\u2019in bir di\u011fer icad\u0131 ise, kalbe, akci\u011fere ve diyaframa yap\u0131\u015ft\u0131r\u0131larak mekanik enerjiyi elektrik enerjisine d\u00f6n\u00fc\u015ft\u00fcrebilen esnek ve giyilebilir kalp pili. G\u00fcn\u00fcm\u00fczde kullan\u0131lan kalp pillerinin be\u015f ila yedi y\u0131l aras\u0131nda \u00f6m\u00fcrleri var ve pilin i\u015flevini yitirmesi durumunda b\u00fct\u00fcn mekanizman\u0131n riskli bir ameliyatla de\u011fi\u015ftirilmesi gerekiyor. Fakat Da\u011fdeviren\u2019in icat etti\u011fi bu alet le kalp, akci\u011fer ve diyafram, kalp pili i\u00e7in gereken enerjiyi kendisi \u00fcretiyor. Bu cihaz\u0131n Da\u011fdeviren i\u00e7in manevi bir \u00f6nemi de var.<\/p>\n\n\n\n<p>Dedesinin 28 ya\u015f\u0131nda kalp yetmezli\u011finden vefat etti\u011fini be\u015f ya\u015f\u0131ndayken \u00f6\u011frenen Da\u011fdeviren, 28 ya\u015f\u0131ndan \u00f6nce kalp sorunlar\u0131 ya\u015fayan hastalar i\u00e7in bir \u015feyler yapaca\u011f\u0131na dair kendisine s\u00f6z vermi\u015f. Bu cihaz bu s\u00f6z\u00fcn yerine getirili\u015fini simgeliyor.<\/p>\n\n\n\n<div class=\"wp-block-image\"><figure class=\"aligncenter size-large is-resized\"><img decoding=\"async\" src=\"\/wp-content\/uploads\/2020\/02\/canan-dagdeviren-4.jpg\" alt=\"\" class=\"wp-image-12632\" width=\"460\" srcset=\"\/wp-content\/uploads\/2020\/02\/canan-dagdeviren-4.jpg 960w, \/wp-content\/uploads\/2020\/02\/canan-dagdeviren-4-300x200.jpg 300w, \/wp-content\/uploads\/2020\/02\/canan-dagdeviren-4-768x512.jpg 768w, \/wp-content\/uploads\/2020\/02\/canan-dagdeviren-4-480x320.jpg 480w, \/wp-content\/uploads\/2020\/02\/canan-dagdeviren-4-600x400.jpg 600w\" sizes=\"(max-width: 960px) 100vw, 960px\" \/><\/figure><\/div>\n\n\n\n<p>Da\u011fdeviren\u2019in di\u011fer bir icad\u0131 ise Parkinson hastalar\u0131n\u0131n hayat\u0131n\u0131 kolayla\u015ft\u0131racak bir beyin i\u011fnesi. Parkinson\u2019la m\u00fccadelede kullan\u0131lan ila\u00e7lar\u0131n direkt olarak beyne enjekte edilmesini sa\u011flayan bu i\u011fne, hastalar\u0131n koordinasyon bozukluklar\u0131n\u0131n tedavi edilmesine yard\u0131mc\u0131 olacak.<\/p>\n\n\n\n<p>Da\u011fdeviren bug\u00fcnlerde ekibiyle&nbsp;<strong>\u2018elektronik s\u00fctyen\u2019<\/strong>&nbsp;\u00fczerinde \u00e7al\u0131\u015f\u0131yor. Meme kanserinden \u00f6len teyzesi an\u0131s\u0131na&nbsp;<strong>\u2018erken te\u015fhis\u2019<\/strong>&nbsp;i\u00e7in kollar\u0131 s\u0131vayan gen\u00e7 bilim insan\u0131, bu icatla uzun s\u00fcreli veri toplayarak ki\u015fisel tedaviyi m\u00fcmk\u00fcn k\u0131lmay\u0131 hedefliyor.<\/p>\n\n\n\n<p> Canan Da\u011fdeviren, bug\u00fcn alan\u0131nda d\u00fcnyan\u0131n \u00f6nde gelen bilim insanlar\u0131ndan bir tanesi.&nbsp;<strong>\u00dclkemizden b\u00f6yle bir insan\u0131n \u00e7\u0131kmas\u0131 ne kadar gurur verici \u00f6yle de\u011fil mi?<\/strong>&nbsp;Peki, Da\u011fdeviren gibi isimlerin \u00e7o\u011falmas\u0131 i\u00e7in, bilimin ve sanat\u0131n desteklenmesi gerekmez mi?  O bunu \u015fu c\u00fcmlelerle a\u00e7\u0131klam\u0131\u015f.<\/p>\n\n\n\n<blockquote class=\"wp-block-quote is-layout-flow wp-block-quote-is-layout-flow\"><p> <em>\u201cBilimin ve sanat\u0131n konu\u015fulmad\u0131\u011f\u0131 bir \u00fclkenin geli\u015febilece\u011fine inanm\u0131yorum. O nedenle gen\u00e7 arkada\u015flar\u0131n ve \u00e7ocuklar\u0131n&nbsp;<strong>bilime merak\u0131n\u0131 uyand\u0131rmak<\/strong>&nbsp;\u00e7ok \u00f6nemli. Bu noktada anne ve babalara \u00e7ok g\u00f6rev d\u00fc\u015f\u00fcyor. Bilimin oldu\u011fu \u00fclkede hem mutluluk oluyor, hem geli\u015fim oluyor. Ben de bir \u015fekilde bunu insanlara anlatmaya \u00e7al\u0131\u015f\u0131yorum, yapt\u0131\u011f\u0131m \u00e7al\u0131\u015fmalar ve verdi\u011fim konu\u015fmalarla birlikte. \u2018Ba\u015f\u0131m\u0131za icat \u00e7\u0131karmay\u0131n\u2019 s\u00f6z\u00fc gereksiz bir s\u00f6z. \u0130nsanlar kendine g\u00fcvenmeli. Bence herkes her \u015feyi yapabilir. Yeter ki istesinler.\u201d<\/em><\/p><\/blockquote>\n\n\n\n<div class=\"wp-block-image\"><figure class=\"aligncenter size-large is-resized\"><img decoding=\"async\" src=\"\/wp-content\/uploads\/2020\/02\/canan-dagdeviren-2.jpg\" alt=\"\" class=\"wp-image-12640\" width=\"460\" srcset=\"\/wp-content\/uploads\/2020\/02\/canan-dagdeviren-2.jpg 750w, \/wp-content\/uploads\/2020\/02\/canan-dagdeviren-2-300x169.jpg 300w, \/wp-content\/uploads\/2020\/02\/canan-dagdeviren-2-480x270.jpg 480w, \/wp-content\/uploads\/2020\/02\/canan-dagdeviren-2-600x338.jpg 600w\" sizes=\"(max-width: 750px) 100vw, 750px\" \/><\/figure><\/div>\n","protected":false},"excerpt":{"rendered":"<p>1985 y\u0131l\u0131nda \u0130stanbul\u2019da do\u011fan Canan Da\u011fdeviren, ABD\u2019de yer alan Harvard \u00dcniversitesi\u2019nin Gen\u00e7 Akademi \u00fcyeli\u011fine (Junior Fellow of Harvard) se\u00e7ilen ilk T\u00fcrk. \u0130catlar\u0131yla ABD\u2019nin prestijli dergilerinden Forbes\u2019un&nbsp;\u201930 Ya\u015f Alt\u0131 Bilim \u0130nsan\u0131\u2019&nbsp;listesine girmeyi ba\u015faran Da\u011fdeviren, bunun yan\u0131 s\u0131ra, MIT (Massachusetts Institute of Technology) yay\u0131n\u0131 Technology Review\u2019\u0131n her y\u0131l a\u00e7\u0131klad\u0131\u011f\u0131&nbsp;\u201935 ya\u015f alt\u0131 Mucitler Listesi\u2019ne de ad\u0131n\u0131 yazd\u0131rm\u0131\u015f bir [&hellip;]<\/p>\n","protected":false},"author":4,"featured_media":12628,"comment_status":"open","ping_status":"open","sticky":false,"template":"","format":"standard","meta":{"_et_pb_use_builder":"","_et_pb_old_content":"","_et_gb_content_width":"","footnotes":""},"categories":[274],"tags":[],"class_list":["post-12699","post","type-post","status-publish","format-standard","has-post-thumbnail","hentry","category-kategorisiz"],"_links":{"self":[{"href":"https:\/\/www.twinscience.com\/tr\/wp-json\/wp\/v2\/posts\/12699","targetHints":{"allow":["GET"]}}],"collection":[{"href":"https:\/\/www.twinscience.com\/tr\/wp-json\/wp\/v2\/posts"}],"about":[{"href":"https:\/\/www.twinscience.com\/tr\/wp-json\/wp\/v2\/types\/post"}],"author":[{"embeddable":true,"href":"https:\/\/www.twinscience.com\/tr\/wp-json\/wp\/v2\/users\/4"}],"replies":[{"embeddable":true,"href":"https:\/\/www.twinscience.com\/tr\/wp-json\/wp\/v2\/comments?post=12699"}],"version-history":[{"count":0,"href":"https:\/\/www.twinscience.com\/tr\/wp-json\/wp\/v2\/posts\/12699\/revisions"}],"wp:featuredmedia":[{"embeddable":true,"href":"https:\/\/www.twinscience.com\/tr\/wp-json\/wp\/v2\/media\/12628"}],"wp:attachment":[{"href":"https:\/\/www.twinscience.com\/tr\/wp-json\/wp\/v2\/media?parent=12699"}],"wp:term":[{"taxonomy":"category","embeddable":true,"href":"https:\/\/www.twinscience.com\/tr\/wp-json\/wp\/v2\/categories?post=12699"},{"taxonomy":"post_tag","embeddable":true,"href":"https:\/\/www.twinscience.com\/tr\/wp-json\/wp\/v2\/tags?post=12699"}],"curies":[{"name":"wp","href":"https:\/\/api.w.org\/{rel}","templated":true}]}}