{"id":77041,"date":"2025-08-21T09:12:02","date_gmt":"2025-08-21T09:12:02","guid":{"rendered":"https:\/\/www.twinscience.com\/?p=77041"},"modified":"2025-08-21T09:46:42","modified_gmt":"2025-08-21T09:46:42","slug":"twin-pinar-ve-tegv-sosyal-etki-isbirligi","status":"publish","type":"post","link":"https:\/\/www.twinscience.com\/tr\/blog\/twin-pinar-ve-tegv-sosyal-etki-isbirligi\/","title":{"rendered":"Twin, PINAR ve TEGV Sosyal Etki \u0130\u015fbirli\u011fi"},"content":{"rendered":"<h3 data-start=\"388\" data-end=\"454\"><strong>Ate\u015fb\u00f6ce\u011fi: \u00c7ocuklara I\u015f\u0131k Ta\u015f\u0131yan Mobil \u00d6\u011frenme Yolculu\u011fu<\/strong><\/h3>\n<p data-start=\"456\" data-end=\"876\">T\u00fcrkiye\u2019nin d\u00f6rt bir yan\u0131nda e\u011fitimde f\u0131rsat e\u015fitsizli\u011fiyle m\u00fccadele eden \u00e7ocuklar var. Deprem b\u00f6lgesinde bu e\u015fitsizlik daha da derinle\u015fti. \u0130\u015fte tam da bu noktada P\u0131nar, TEGV ve Twin Bilim g\u00fc\u00e7lerini birle\u015ftirerek, \u201cTasar\u0131m Mucitleri Ate\u015fb\u00f6ce\u011fi\u201d projesini hayata ge\u00e7irdi. Mobil bir \u00f6\u011frenme laboratuvar\u0131 olan bu \u00f6zel TIR, \u00e7ocuklara STEM temelli ve de\u011ferlerle harmanlanm\u0131\u015f e\u011fitim i\u00e7erikleri ula\u015ft\u0131rd\u0131.<\/p>\n<h3 data-start=\"883\" data-end=\"922\"><img loading=\"lazy\" decoding=\"async\" class=\"alignnone size-full wp-image-77042\" src=\"\/wp-content\/uploads\/2025\/08\/Blog-Inner-Images-800-\u00d7-400px-4-9.png\" alt=\"\" width=\"800\" height=\"400\" srcset=\"\/wp-content\/uploads\/2025\/08\/Blog-Inner-Images-800-\u00d7-400px-4-9.png 800w, \/wp-content\/uploads\/2025\/08\/Blog-Inner-Images-800-\u00d7-400px-4-9-300x150.png 300w, \/wp-content\/uploads\/2025\/08\/Blog-Inner-Images-800-\u00d7-400px-4-9-768x384.png 768w, \/wp-content\/uploads\/2025\/08\/Blog-Inner-Images-800-\u00d7-400px-4-9-480x240.png 480w, \/wp-content\/uploads\/2025\/08\/Blog-Inner-Images-800-\u00d7-400px-4-9-600x300.png 600w\" sizes=\"(max-width: 800px) 100vw, 800px\" \/><\/h3>\n<h3 data-start=\"883\" data-end=\"922\"><\/h3>\n<h3 data-start=\"883\" data-end=\"922\"><strong>Projenin \u00c7\u0131k\u0131\u015f Noktas\u0131 ve Hedefi<\/strong><\/h3>\n<ul data-start=\"924\" data-end=\"1316\">\n<li data-start=\"924\" data-end=\"1043\">\n<p data-start=\"926\" data-end=\"1043\">Kas\u0131m 2023\u2019te Ad\u0131yaman\u2019da ba\u015flayan proje, depremden etkilenen b\u00f6lgelerde \u00e7ocuklara umut \u0131\u015f\u0131\u011f\u0131 olmay\u0131 hedefledi.<\/p>\n<\/li>\n<li data-start=\"1044\" data-end=\"1161\">\n<p data-start=\"1046\" data-end=\"1161\">\u0130lk etapta 1.500 \u00e7ocu\u011fa ula\u015f\u0131ld\u0131, \u00f6n\u00fcm\u00fczdeki 5 y\u0131l i\u00e7inde toplam 7.500 \u00e7ocu\u011fun e\u011fitim almas\u0131 planlan\u0131yor.<\/p>\n<\/li>\n<li data-start=\"1162\" data-end=\"1316\">\n<p data-start=\"1164\" data-end=\"1316\">Proje, yaln\u0131zca dersleri de\u011fil; \u00e7ocuklar\u0131n hayal g\u00fcc\u00fcn\u00fc, problem \u00e7\u00f6zme becerilerini ve yarat\u0131c\u0131l\u0131klar\u0131n\u0131 destekleyen bir deneyim tasar\u0131m\u0131 sunuyor.<\/p>\n<\/li>\n<\/ul>\n<h3 data-start=\"1380\" data-end=\"1425\"><\/h3>\n<h3 data-start=\"1380\" data-end=\"1425\"><strong>Payda\u015flar \u2013 G\u00fc\u00e7l\u00fc Bir \u0130\u015fbirli\u011fi Modeli<\/strong><\/h3>\n<ul data-start=\"1427\" data-end=\"1962\">\n<li data-start=\"1427\" data-end=\"1600\">\n<p data-start=\"1429\" data-end=\"1600\">P\u0131nar (Ya\u015far Toplulu\u011fu): 50 y\u0131ll\u0131k marka yolculu\u011funda sosyal sorumlulu\u011fu her zaman \u00f6n planda tuttu. Ate\u015fb\u00f6ce\u011fi projesinde finansal ve operasyonel deste\u011fi \u00fcstlendi.<\/p>\n<\/li>\n<li data-start=\"1601\" data-end=\"1795\">\n<p data-start=\"1603\" data-end=\"1795\">TEGV (T\u00fcrkiye E\u011fitim G\u00f6n\u00fcll\u00fcleri Vakf\u0131): Y\u0131llard\u0131r s\u00fcrd\u00fcrd\u00fc\u011f\u00fc Ate\u015fb\u00f6ce\u011fi \u00f6\u011frenim birimleriyle saha deneyimine sahip. \u00c7ocuklarla birebir temas eden pedagojik liderlik TEGV\u2019in omuzlar\u0131nda.<\/p>\n<\/li>\n<li data-start=\"1796\" data-end=\"1962\">\n<p data-start=\"1798\" data-end=\"1962\">Twin Bilim STEM e\u011fitim i\u00e7eriklerini ve \u201c\u00e7ift kanatl\u0131 e\u011fitim\u201d yakla\u015f\u0131m\u0131n\u0131 projeye entegre ederek, teknolojiyi ve de\u011ferleri ayn\u0131 potada bulu\u015fturuyor.<\/p>\n<\/li>\n<\/ul>\n<h3 data-start=\"1969\" data-end=\"2005\"><img loading=\"lazy\" decoding=\"async\" class=\"alignnone size-full wp-image-77046\" src=\"\/wp-content\/uploads\/2025\/08\/Blog-Inner-Images-800-\u00d7-400px-4-11.png\" alt=\"\" width=\"800\" height=\"400\" srcset=\"\/wp-content\/uploads\/2025\/08\/Blog-Inner-Images-800-\u00d7-400px-4-11.png 800w, \/wp-content\/uploads\/2025\/08\/Blog-Inner-Images-800-\u00d7-400px-4-11-300x150.png 300w, \/wp-content\/uploads\/2025\/08\/Blog-Inner-Images-800-\u00d7-400px-4-11-768x384.png 768w, \/wp-content\/uploads\/2025\/08\/Blog-Inner-Images-800-\u00d7-400px-4-11-480x240.png 480w, \/wp-content\/uploads\/2025\/08\/Blog-Inner-Images-800-\u00d7-400px-4-11-600x300.png 600w\" sizes=\"(max-width: 800px) 100vw, 800px\" \/><\/h3>\n<h3 data-start=\"1969\" data-end=\"2005\"><\/h3>\n<h3 data-start=\"1969\" data-end=\"2005\"><strong>Ate\u015fb\u00f6ce\u011fi\u2019nin Yenilik\u00e7i Y\u00f6n\u00fc<\/strong><\/h3>\n<p data-start=\"2007\" data-end=\"2087\">Ate\u015fb\u00f6ce\u011fi, geleneksel s\u0131n\u0131f\u0131n s\u0131n\u0131rlar\u0131n\u0131 a\u015fan bir gezici \u00f6\u011frenme ortam\u0131.<\/p>\n<ul data-start=\"2089\" data-end=\"2407\">\n<li data-start=\"2089\" data-end=\"2186\">\n<p data-start=\"2091\" data-end=\"2186\">\u0130\u00e7inde 3D yaz\u0131c\u0131lar, elektronik e\u011fitim kitleri, sens\u00f6rler ve dijital i\u00e7erikler bulunuyor.<\/p>\n<\/li>\n<li data-start=\"2187\" data-end=\"2306\">\n<p data-start=\"2189\" data-end=\"2306\">\u00c7ocuklar tasar\u0131m odakl\u0131 d\u00fc\u015f\u00fcnme ad\u0131mlar\u0131n\u0131 (empati \u2192 fikir geli\u015ftirme \u2192 prototipleme \u2192 test etme) deneyimliyor.<\/p>\n<\/li>\n<li data-start=\"2307\" data-end=\"2407\">\n<p data-start=\"2309\" data-end=\"2407\">STEM kazan\u0131mlar\u0131yla birlikte i\u015fbirli\u011fi, sorumluluk ve empati gibi de\u011ferleri de \u00f6\u011freniyorlar.<\/p>\n<\/li>\n<\/ul>\n<p data-start=\"2409\" data-end=\"2515\">Bu, e\u011fitimi yaln\u0131zca \u201cbilgi aktar\u0131m\u0131\u201d olmaktan \u00e7\u0131kar\u0131p, hayata dokunan bir deneyim haline getiriyor.<\/p>\n<h3 data-start=\"2522\" data-end=\"2553\"><\/h3>\n<h3 data-start=\"2522\" data-end=\"2553\"><strong>\u00c7ocuklar\u0131n G\u00f6z\u00fcnden Etki<\/strong><\/h3>\n<p data-start=\"2555\" data-end=\"2645\">Projeye kat\u0131lan \u00e7ocuklardan gelen geri bildirimler, projenin duygusal g\u00fcc\u00fcn\u00fc g\u00f6steriyor:<\/p>\n<ul data-start=\"2647\" data-end=\"2925\">\n<li data-start=\"2647\" data-end=\"2785\">\n<p data-start=\"2649\" data-end=\"2785\">\u00c7ocuklar kendi elleriyle \u00fcrettikleri prototipleri ailelerine g\u00f6sterdiklerinde hissettikleri gurur ve sevin\u00e7 en de\u011ferli \u00e7\u0131kt\u0131 oldu.<\/p>\n<\/li>\n<li data-start=\"2786\" data-end=\"2925\">\n<p data-start=\"2788\" data-end=\"2925\">\u00d6\u011fretmenler, \u00e7ocuklar\u0131n \u00f6zellikle yarat\u0131c\u0131l\u0131k, ekip \u00e7al\u0131\u015fmas\u0131 ve \u00f6zg\u00fcven alanlar\u0131nda g\u00f6zle g\u00f6r\u00fcl\u00fcr geli\u015fim kaydettiklerini aktard\u0131.<\/p>\n<\/li>\n<\/ul>\n<h3 data-start=\"3040\" data-end=\"3078\"><img loading=\"lazy\" decoding=\"async\" class=\"alignnone size-full wp-image-77048\" src=\"\/wp-content\/uploads\/2025\/08\/Blog-Inner-Images-800-\u00d7-400px-4-12.png\" alt=\"\" width=\"800\" height=\"400\" srcset=\"\/wp-content\/uploads\/2025\/08\/Blog-Inner-Images-800-\u00d7-400px-4-12.png 800w, \/wp-content\/uploads\/2025\/08\/Blog-Inner-Images-800-\u00d7-400px-4-12-300x150.png 300w, \/wp-content\/uploads\/2025\/08\/Blog-Inner-Images-800-\u00d7-400px-4-12-768x384.png 768w, \/wp-content\/uploads\/2025\/08\/Blog-Inner-Images-800-\u00d7-400px-4-12-480x240.png 480w, \/wp-content\/uploads\/2025\/08\/Blog-Inner-Images-800-\u00d7-400px-4-12-600x300.png 600w\" sizes=\"(max-width: 800px) 100vw, 800px\" \/><\/h3>\n<h3 data-start=\"3040\" data-end=\"3078\"><\/h3>\n<h3 data-start=\"3040\" data-end=\"3078\"><strong>Twin&#8217;in Vizyonunun Katk\u0131s\u0131<\/strong><\/h3>\n<p data-start=\"3080\" data-end=\"3143\">Twin\u2019in bu projedeki rol\u00fc, yaln\u0131zca teknoloji sa\u011flamak de\u011fil:<\/p>\n<ul data-start=\"3145\" data-end=\"3504\">\n<li data-start=\"3145\" data-end=\"3257\">\n<p data-start=\"3147\" data-end=\"3257\">\u00c7ift Kanatl\u0131 E\u011fitim Vizyonu: \u00c7ocuklar\u0131n hem bilimsel becerilerle hem de de\u011ferlerle donanmas\u0131n\u0131 sa\u011flamak.<\/p>\n<\/li>\n<li data-start=\"3258\" data-end=\"3385\">\n<p data-start=\"3260\" data-end=\"3385\">STEM + De\u011ferler E\u011fitimi: Teknolojiye h\u00e2kim olman\u0131n yan\u0131nda empati, i\u015f birli\u011fi ve s\u00fcrd\u00fcr\u00fclebilirlik bilinci kazand\u0131rmak.<\/p>\n<\/li>\n<li data-start=\"3386\" data-end=\"3504\">\n<p data-start=\"3388\" data-end=\"3504\">Eri\u015filebilirlik: Twin i\u00e7eriklerinin dijital uyumlulu\u011fu sayesinde mobil birimde her \u00e7ocu\u011fa ula\u015fmak m\u00fcmk\u00fcn oldu.<\/p>\n<\/li>\n<\/ul>\n<p data-start=\"3506\" data-end=\"3614\">Twin i\u00e7in bu proje, \u201cteknoloji + sosyal etki\u201d denkleminde nas\u0131l fark yarat\u0131labilece\u011finin g\u00fc\u00e7l\u00fc bir kan\u0131t\u0131.<\/p>\n<h3 data-start=\"3621\" data-end=\"3665\"><\/h3>\n<h3 data-start=\"3621\" data-end=\"3665\"><strong>S\u00fcrd\u00fcr\u00fclebilirlik ve Uzun Vadeli Etki<\/strong><\/h3>\n<p data-start=\"3667\" data-end=\"3784\">Ate\u015fb\u00f6ce\u011fi Projesi sadece bir e\u011fitim TIR\u2019\u0131 de\u011fil, ayn\u0131 zamanda kurumsal sosyal sorumluluk i\u00e7in model bir proje.<\/p>\n<ul data-start=\"3786\" data-end=\"4251\">\n<li data-start=\"3786\" data-end=\"3938\">\n<p data-start=\"3788\" data-end=\"3938\">\u015eirketler i\u00e7in \u00f6rnek: P\u0131nar gibi k\u00f6kl\u00fc bir markan\u0131n, TEGV ve Twin ile yapt\u0131\u011f\u0131 i\u015fbirli\u011fi di\u011fer \u015firketlere de ilham verecek bir model olu\u015fturdu.<\/p>\n<\/li>\n<li data-start=\"3939\" data-end=\"4082\">\n<p data-start=\"3941\" data-end=\"4082\">STK\u2019lar i\u00e7in \u00f6rnek: E\u011fitimde f\u0131rsat e\u015fitli\u011fi i\u00e7in mobil \u00e7\u00f6z\u00fcmler sunmak, STK\u2019lar\u0131n eri\u015fim stratejilerini d\u00f6n\u00fc\u015ft\u00fcrebilecek bir yakla\u015f\u0131m.<\/p>\n<\/li>\n<li data-start=\"4083\" data-end=\"4251\">\n<p data-start=\"4085\" data-end=\"4251\">Uzun vadede etki: 7.500 \u00e7ocu\u011fa ula\u015fmakla kalmayacak; proje, gelece\u011fin e\u011fitim anlay\u0131\u015f\u0131nda eri\u015filebilir, deneyimsel ve de\u011fer temelli \u00f6\u011frenmenin \u00f6nc\u00fcs\u00fc olacak.<\/p>\n<\/li>\n<\/ul>\n<hr data-start=\"4253\" data-end=\"4256\" \/>\n<h3 data-start=\"4258\" data-end=\"4306\"><strong>Sonu\u00e7: Bir I\u015f\u0131k Binlerce Kalbi Ayd\u0131nlat\u0131r<\/strong><\/h3>\n<p data-start=\"4308\" data-end=\"4501\">Ate\u015fb\u00f6ce\u011fi Projesi, bir araya gelen \u00fc\u00e7 payda\u015f\u0131n, P\u0131nar\u2019\u0131n vizyonu, TEGV\u2019in sahadaki deneyimi ve Twin\u2019in \u00e7ift kanatl\u0131 e\u011fitim anlay\u0131\u015f\u0131, \u00e7ocuklar\u0131n hayatlar\u0131na nas\u0131l dokunabilece\u011fini g\u00f6steriyor.<\/p>\n<p data-start=\"4503\" data-end=\"4602\">Bir TIR\u2019\u0131n i\u00e7inden y\u00fckselen bu \u0131\u015f\u0131k, asl\u0131nda gelece\u011fin e\u011fitim anlay\u0131\u015f\u0131n\u0131n da yolunu ayd\u0131nlat\u0131yor.<\/p>\n<p><script type=\"application\/ld+json\">\n{\n  \"@context\": \"https:\/\/schema.org\",\n  \"@graph\": [\n    {\n      \"@type\": \"BlogPosting\",\n      \"headline\": \"Twin, PINAR ve TEGV Sosyal Etki \u0130\u015fbirli\u011fi\",\n      \"description\": \"Twin Bilim'in, TEGV ve P\u0131nar'\u0131n \u2018Tasar\u0131m Mucitleri Ate\u015fb\u00f6ce\u011fi\u2019 projesiyle 7.500 \u00e7ocu\u011fa mobil STEM e\u011fitimi ula\u015f\u0131yor. E\u011fitimde f\u0131rsat e\u015fitli\u011fi i\u00e7in umut \u0131\u015f\u0131\u011f\u0131.\",\n      \"image\": \"https:\/\/www.twinscience.com\",\n      \"author\": {\n        \"@type\": \"Organization\",\n        \"name\": \"Twin Science\",\n        \"url\": \"https:\/\/www.twinscience.com\"\n      },\n      \"publisher\": {\n        \"@type\": \"Organization\",\n        \"name\": \"Twin Science\",\n        \"logo\": {\n          \"@type\": \"ImageObject\",\n          \"url\": \"https:\/\/www.twinscience.com\"\n        }\n      },\n      \"datePublished\": \"2023-11-15T09:00:00+03:00\",\n      \"dateModified\": \"2025-08-21T09:00:00+03:00\",\n      \"mainEntityOfPage\": {\n        \"@type\": \"WebPage\",\n        \"@id\": \"https:\/\/www.twinscience.com\/tr\/blog\/twin-pinar-ve-tegv-sosyal-etki-isbirligi\"\n      },\n      \"keywords\": [\"P\u0131nar\", \"TEGV\", \"Twin Bilim\", \"STEM e\u011fitimi\", \"mobil \u00f6\u011frenme\", \"\u00e7ift kanatl\u0131 e\u011fitim\", \"sosyal etki\", \"e\u011fitimde f\u0131rsat e\u015fitli\u011fi\"]\n    },\n    {\n      \"@type\": \"Organization\",\n      \"name\": \"Twin Science\",\n      \"alternateName\": \"Twin Bilim\",\n      \"url\": \"https:\/\/www.twinscience.com\",\n      \"logo\": \"https:\/\/www.twinscience.com\",\n      \"sameAs\": [\n        \"https:\/\/www.linkedin.com\/company\/twinscience\",\n        \"https:\/\/twitter.com\/twinscience\",\n        \"https:\/\/www.instagram.com\/twinscience\"\n      ]\n    },\n    {\n      \"@type\": \"ItemList\",\n      \"name\": \"Ate\u015fb\u00f6ce\u011fi Blog Ba\u015fl\u0131klar\u0131\",\n      \"itemListElement\": [\n        {\n          \"@type\": \"ListItem\",\n          \"position\": 1,\n          \"name\": \"Projenin \u00c7\u0131k\u0131\u015f Noktas\u0131 ve Hedefi\"\n        },\n        {\n          \"@type\": \"ListItem\",\n          \"position\": 2,\n          \"name\": \"Payda\u015flar \u2013 G\u00fc\u00e7l\u00fc Bir \u0130\u015fbirli\u011fi Modeli\"\n        },\n        {\n          \"@type\": \"ListItem\",\n          \"position\": 3,\n          \"name\": \"Ate\u015fb\u00f6ce\u011fi\u2019nin Yenilik\u00e7i Y\u00f6n\u00fc\"\n        },\n        {\n          \"@type\": \"ListItem\",\n          \"position\": 4,\n          \"name\": \"\u00c7ocuklar\u0131n G\u00f6z\u00fcnden Etki\"\n        },\n        {\n          \"@type\": \"ListItem\",\n          \"position\": 5,\n          \"name\": \"Twin'in Vizyonunun Katk\u0131s\u0131\"\n        },\n        {\n          \"@type\": \"ListItem\",\n          \"position\": 6,\n          \"name\": \"S\u00fcrd\u00fcr\u00fclebilirlik ve Uzun Vadeli Etki\"\n        },\n        {\n          \"@type\": \"ListItem\",\n          \"position\": 7,\n          \"name\": \"Sonu\u00e7: Bir I\u015f\u0131k Binlerce Kalbi Ayd\u0131nlat\u0131r\"\n        }\n      ]\n    }\n  ]\n}\n<\/script><\/p>\n","protected":false},"excerpt":{"rendered":"<p>Twin Bilim&#8217;in, TEGV ve P\u0131nar&#8217;\u0131n \u2018Tasar\u0131m Mucitleri Ate\u015fb\u00f6ce\u011fi\u2019 projesiyle 7.500 \u00e7ocu\u011fa mobil STEM e\u011fitimi ula\u015f\u0131yor. E\u011fitimde f\u0131rsat e\u015fitli\u011fi i\u00e7in umut \u0131\u015f\u0131\u011f\u0131.<\/p>\n","protected":false},"author":8,"featured_media":77044,"comment_status":"closed","ping_status":"closed","sticky":false,"template":"","format":"standard","meta":{"_et_pb_use_builder":"","_et_pb_old_content":"","_et_gb_content_width":"","footnotes":""},"categories":[309],"tags":[],"class_list":["post-77041","post","type-post","status-publish","format-standard","has-post-thumbnail","hentry","category-hikayeler"],"_links":{"self":[{"href":"https:\/\/www.twinscience.com\/tr\/wp-json\/wp\/v2\/posts\/77041","targetHints":{"allow":["GET"]}}],"collection":[{"href":"https:\/\/www.twinscience.com\/tr\/wp-json\/wp\/v2\/posts"}],"about":[{"href":"https:\/\/www.twinscience.com\/tr\/wp-json\/wp\/v2\/types\/post"}],"author":[{"embeddable":true,"href":"https:\/\/www.twinscience.com\/tr\/wp-json\/wp\/v2\/users\/8"}],"replies":[{"embeddable":true,"href":"https:\/\/www.twinscience.com\/tr\/wp-json\/wp\/v2\/comments?post=77041"}],"version-history":[{"count":7,"href":"https:\/\/www.twinscience.com\/tr\/wp-json\/wp\/v2\/posts\/77041\/revisions"}],"predecessor-version":[{"id":77058,"href":"https:\/\/www.twinscience.com\/tr\/wp-json\/wp\/v2\/posts\/77041\/revisions\/77058"}],"wp:featuredmedia":[{"embeddable":true,"href":"https:\/\/www.twinscience.com\/tr\/wp-json\/wp\/v2\/media\/77044"}],"wp:attachment":[{"href":"https:\/\/www.twinscience.com\/tr\/wp-json\/wp\/v2\/media?parent=77041"}],"wp:term":[{"taxonomy":"category","embeddable":true,"href":"https:\/\/www.twinscience.com\/tr\/wp-json\/wp\/v2\/categories?post=77041"},{"taxonomy":"post_tag","embeddable":true,"href":"https:\/\/www.twinscience.com\/tr\/wp-json\/wp\/v2\/tags?post=77041"}],"curies":[{"name":"wp","href":"https:\/\/api.w.org\/{rel}","templated":true}]}}